{"id":5016,"date":"2019-07-26T19:33:27","date_gmt":"2019-07-26T19:33:27","guid":{"rendered":"https:\/\/fsimoes.pt\/edificio-bloom-2-2\/"},"modified":"2023-09-27T08:29:59","modified_gmt":"2023-09-27T08:29:59","slug":"villa-carlos","status":"publish","type":"post","link":"https:\/\/fsimoes.pt\/en\/media\/villa-carlos\/","title":{"rendered":"Villa Carlos"},"content":{"rendered":"<section class=\"wpb-content-wrapper\"><p>[vc_row][vc_column][vc_column_text]<\/p>\n<div class=\"\">\n<p>Villa Carlos was featured on the Spanish magazines AutoCAD and Espacios Interiores, where the quality of its interiors is highlighted in its relationship with the exterior and its views.<\/p>\n<p>As stated by Francisco Sim\u00f5es, the main objective was to \u201cdesign a balanced space, which will provide a high level of quality of life, adapting to modern needs and which will preserve the aesthetics of the building, ensuring the continuity and enrichment of the construction characteristics for strengthen the global image of the work and its surroundings where it is located\u201d.<\/p>\n<\/div>\n<hr \/>\n<p class=\"p_tc\"><em>AutoCAD and Espacios Interiores magazines<\/em><\/p>\n<p><em><a href=\"http:\/\/fsimoes.pt\/wp-content\/uploads\/2018\/03\/02-villa-carlos-autocad-magazine-marzo-abril-2014.pdf\">Publica\u00e7\u00e3o Revista &#8211; AutoCAD<\/a><\/em><\/p>\n<p><em><a href=\"http:\/\/fsimoes.pt\/wp-content\/uploads\/2018\/03\/02-villa-carlos-espacios-interiores-15-01-2014.pdf\">Espacios Interiores magazine publication<\/a><\/em><\/p>\n<p><em><a href=\"https:\/\/fsimoes.pt\/project\/casa_caxias\/\">Project page<\/a><\/em>[\/vc_column_text][\/vc_column][\/vc_row][vc_row][vc_column][vc_empty_space][vc_media_grid grid_id=&#8221;vc_gid:1695765085821-2a6351af-9565-7&#8243; include=&#8221;2166,2165,2164,4414,4402,4422,4418,4424,4416&#8243;][\/vc_column][\/vc_row]<\/p>\n<\/section>","protected":false},"excerpt":{"rendered":"autoCAD &#038; espacios interiores","protected":false},"author":8,"featured_media":4837,"comment_status":"closed","ping_status":"closed","sticky":false,"template":"","format":"standard","meta":{"footnotes":""},"categories":[77,79],"tags":[],"class_list":["post-5016","post","type-post","status-publish","format-standard","has-post-thumbnail","hentry","category-media-en","category-revistas-en"],"yoast_head":"<!-- This site is optimized with the Yoast SEO plugin v26.1.1 - https:\/\/yoast.com\/wordpress\/plugins\/seo\/ -->\n<title>Villa Carlos | FSIMOES Arquitectos Associados<\/title>\n<meta name=\"description\" content=\"FSIMOES Arquitectos Associados\" \/>\n<meta name=\"robots\" content=\"index, follow, max-snippet:-1, max-image-preview:large, max-video-preview:-1\" \/>\n<link rel=\"canonical\" href=\"https:\/\/fsimoes.pt\/media\/edificio-bloom-2-2\/\" \/>\n<meta property=\"og:locale\" content=\"en_US\" \/>\n<meta property=\"og:type\" content=\"article\" \/>\n<meta property=\"og:title\" content=\"Villa Carlos | FSIMOES Arquitectos Associados\" \/>\n<meta property=\"og:description\" content=\"FSIMOES Arquitectos Associados\" \/>\n<meta property=\"og:url\" content=\"https:\/\/fsimoes.pt\/media\/edificio-bloom-2-2\/\" \/>\n<meta property=\"og:site_name\" content=\"FSIMOES Arquitectos Associados\" \/>\n<meta property=\"article:publisher\" content=\"https:\/\/www.facebook.com\/fsimoes.arq\/\" \/>\n<meta property=\"article:published_time\" content=\"2019-07-26T19:33:27+00:00\" \/>\n<meta property=\"article:modified_time\" content=\"2023-09-27T08:29:59+00:00\" \/>\n<meta property=\"og:image\" content=\"https:\/\/fsimoes.pt\/wp-content\/uploads\/2018\/02\/villa-carlos.jpg\" \/>\n\t<meta property=\"og:image:width\" content=\"2000\" \/>\n\t<meta property=\"og:image:height\" content=\"2000\" \/>\n\t<meta property=\"og:image:type\" content=\"image\/jpeg\" \/>\n<meta name=\"author\" content=\"Ricardo\" \/>\n<meta name=\"twitter:card\" content=\"summary_large_image\" \/>\n<meta name=\"twitter:creator\" content=\"@fsimoesarq\" \/>\n<meta name=\"twitter:site\" content=\"@fsimoesarq\" \/>\n<meta name=\"twitter:label1\" content=\"Written by\" \/>\n\t<meta name=\"twitter:data1\" content=\"Ricardo\" \/>\n\t<meta name=\"twitter:label2\" content=\"Est. reading time\" \/>\n\t<meta name=\"twitter:data2\" content=\"1 minute\" \/>\n<script type=\"application\/ld+json\" class=\"yoast-schema-graph\">{\"@context\":\"https:\/\/schema.org\",\"@graph\":[{\"@type\":\"Article\",\"@id\":\"https:\/\/fsimoes.pt\/media\/edificio-bloom-2-2\/#article\",\"isPartOf\":{\"@id\":\"https:\/\/fsimoes.pt\/media\/edificio-bloom-2-2\/\"},\"author\":{\"name\":\"Ricardo\",\"@id\":\"https:\/\/fsimoes.pt\/#\/schema\/person\/6f4af6fd56e40c244240ed086ace32d7\"},\"headline\":\"Villa Carlos\",\"datePublished\":\"2019-07-26T19:33:27+00:00\",\"dateModified\":\"2023-09-27T08:29:59+00:00\",\"mainEntityOfPage\":{\"@id\":\"https:\/\/fsimoes.pt\/media\/edificio-bloom-2-2\/\"},\"wordCount\":146,\"publisher\":{\"@id\":\"https:\/\/fsimoes.pt\/#organization\"},\"image\":{\"@id\":\"https:\/\/fsimoes.pt\/media\/edificio-bloom-2-2\/#primaryimage\"},\"thumbnailUrl\":\"https:\/\/fsimoes.pt\/wp-content\/uploads\/2018\/02\/villa-carlos.jpg\",\"articleSection\":[\"Media\",\"revistas\"],\"inLanguage\":\"en-US\"},{\"@type\":\"WebPage\",\"@id\":\"https:\/\/fsimoes.pt\/media\/edificio-bloom-2-2\/\",\"url\":\"https:\/\/fsimoes.pt\/media\/edificio-bloom-2-2\/\",\"name\":\"Villa Carlos | FSIMOES Arquitectos Associados\",\"isPartOf\":{\"@id\":\"https:\/\/fsimoes.pt\/#website\"},\"primaryImageOfPage\":{\"@id\":\"https:\/\/fsimoes.pt\/media\/edificio-bloom-2-2\/#primaryimage\"},\"image\":{\"@id\":\"https:\/\/fsimoes.pt\/media\/edificio-bloom-2-2\/#primaryimage\"},\"thumbnailUrl\":\"https:\/\/fsimoes.pt\/wp-content\/uploads\/2018\/02\/villa-carlos.jpg\",\"datePublished\":\"2019-07-26T19:33:27+00:00\",\"dateModified\":\"2023-09-27T08:29:59+00:00\",\"description\":\"FSIMOES Arquitectos Associados\",\"breadcrumb\":{\"@id\":\"https:\/\/fsimoes.pt\/media\/edificio-bloom-2-2\/#breadcrumb\"},\"inLanguage\":\"en-US\",\"potentialAction\":[{\"@type\":\"ReadAction\",\"target\":[\"https:\/\/fsimoes.pt\/media\/edificio-bloom-2-2\/\"]}]},{\"@type\":\"ImageObject\",\"inLanguage\":\"en-US\",\"@id\":\"https:\/\/fsimoes.pt\/media\/edificio-bloom-2-2\/#primaryimage\",\"url\":\"https:\/\/fsimoes.pt\/wp-content\/uploads\/2018\/02\/villa-carlos.jpg\",\"contentUrl\":\"https:\/\/fsimoes.pt\/wp-content\/uploads\/2018\/02\/villa-carlos.jpg\",\"width\":2000,\"height\":2000,\"caption\":\"Villa Carlos, Caxais, Portugal\"},{\"@type\":\"BreadcrumbList\",\"@id\":\"https:\/\/fsimoes.pt\/media\/edificio-bloom-2-2\/#breadcrumb\",\"itemListElement\":[{\"@type\":\"ListItem\",\"position\":1,\"name\":\"In\u00edcio\",\"item\":\"https:\/\/fsimoes.pt\/\"},{\"@type\":\"ListItem\",\"position\":2,\"name\":\"Villa Carlos\"}]},{\"@type\":\"WebSite\",\"@id\":\"https:\/\/fsimoes.pt\/#website\",\"url\":\"https:\/\/fsimoes.pt\/\",\"name\":\"Atelier de Arquitetura em Lisboa | FSIMOES Arquitetos Associados\",\"description\":\"Atelier de arquitetura em Lisboa fundado pelo Arq.\u00ba Francisco Sim\u00f5es. Especialistas em projetos de habita\u00e7\u00e3o, reabilita\u00e7\u00e3o e design. Conhe\u00e7a o nosso portf\u00f3lio!\",\"publisher\":{\"@id\":\"https:\/\/fsimoes.pt\/#organization\"},\"potentialAction\":[{\"@type\":\"SearchAction\",\"target\":{\"@type\":\"EntryPoint\",\"urlTemplate\":\"https:\/\/fsimoes.pt\/?s={search_term_string}\"},\"query-input\":{\"@type\":\"PropertyValueSpecification\",\"valueRequired\":true,\"valueName\":\"search_term_string\"}}],\"inLanguage\":\"en-US\"},{\"@type\":\"Organization\",\"@id\":\"https:\/\/fsimoes.pt\/#organization\",\"name\":\"Atelier de Arquitetura em Lisboa | FSIMOES Arquitetos Associados\",\"alternateName\":\"FSIMOES Arquitetos | Projetos e Reabilita\u00e7\u00e3o em Lisboa\",\"url\":\"https:\/\/fsimoes.pt\/\",\"logo\":{\"@type\":\"ImageObject\",\"inLanguage\":\"en-US\",\"@id\":\"https:\/\/fsimoes.pt\/#\/schema\/logo\/image\/\",\"url\":\"https:\/\/fsimoes.pt\/wp-content\/uploads\/2015\/04\/separador.png\",\"contentUrl\":\"https:\/\/fsimoes.pt\/wp-content\/uploads\/2015\/04\/separador.png\",\"width\":298,\"height\":298,\"caption\":\"Atelier de Arquitetura em Lisboa | FSIMOES Arquitetos Associados\"},\"image\":{\"@id\":\"https:\/\/fsimoes.pt\/#\/schema\/logo\/image\/\"},\"sameAs\":[\"https:\/\/www.facebook.com\/fsimoes.arq\/\",\"https:\/\/x.com\/fsimoesarq\",\"https:\/\/www.instagram.com\/fsimoes.arq\/\",\"https:\/\/www.linkedin.com\/company\/fsim\u00f5es-arquitectos-associados\",\"https:\/\/www.youtube.com\/channel\/UCRfYMmkzIWI-2-wlSep1NwA\"]},{\"@type\":\"Person\",\"@id\":\"https:\/\/fsimoes.pt\/#\/schema\/person\/6f4af6fd56e40c244240ed086ace32d7\",\"name\":\"Ricardo\",\"image\":{\"@type\":\"ImageObject\",\"inLanguage\":\"en-US\",\"@id\":\"https:\/\/fsimoes.pt\/#\/schema\/person\/image\/\",\"url\":\"https:\/\/secure.gravatar.com\/avatar\/215cba8c240d648e75761b1900c730e5070f84bae993cb918f3c5f75c05a154c?s=96&d=mm&r=g\",\"contentUrl\":\"https:\/\/secure.gravatar.com\/avatar\/215cba8c240d648e75761b1900c730e5070f84bae993cb918f3c5f75c05a154c?s=96&d=mm&r=g\",\"caption\":\"Ricardo\"},\"url\":\"https:\/\/fsimoes.pt\/en\/media\/author\/ricardo\/\"}]}<\/script>\n<!-- \/ Yoast SEO plugin. -->","yoast_head_json":{"title":"Villa Carlos | FSIMOES Arquitectos Associados","description":"FSIMOES Arquitectos Associados","robots":{"index":"index","follow":"follow","max-snippet":"max-snippet:-1","max-image-preview":"max-image-preview:large","max-video-preview":"max-video-preview:-1"},"canonical":"https:\/\/fsimoes.pt\/media\/edificio-bloom-2-2\/","og_locale":"en_US","og_type":"article","og_title":"Villa Carlos | FSIMOES Arquitectos Associados","og_description":"FSIMOES Arquitectos Associados","og_url":"https:\/\/fsimoes.pt\/media\/edificio-bloom-2-2\/","og_site_name":"FSIMOES Arquitectos Associados","article_publisher":"https:\/\/www.facebook.com\/fsimoes.arq\/","article_published_time":"2019-07-26T19:33:27+00:00","article_modified_time":"2023-09-27T08:29:59+00:00","og_image":[{"width":2000,"height":2000,"url":"https:\/\/fsimoes.pt\/wp-content\/uploads\/2018\/02\/villa-carlos.jpg","type":"image\/jpeg"}],"author":"Ricardo","twitter_card":"summary_large_image","twitter_creator":"@fsimoesarq","twitter_site":"@fsimoesarq","twitter_misc":{"Written by":"Ricardo","Est. reading time":"1 minute"},"schema":{"@context":"https:\/\/schema.org","@graph":[{"@type":"Article","@id":"https:\/\/fsimoes.pt\/media\/edificio-bloom-2-2\/#article","isPartOf":{"@id":"https:\/\/fsimoes.pt\/media\/edificio-bloom-2-2\/"},"author":{"name":"Ricardo","@id":"https:\/\/fsimoes.pt\/#\/schema\/person\/6f4af6fd56e40c244240ed086ace32d7"},"headline":"Villa Carlos","datePublished":"2019-07-26T19:33:27+00:00","dateModified":"2023-09-27T08:29:59+00:00","mainEntityOfPage":{"@id":"https:\/\/fsimoes.pt\/media\/edificio-bloom-2-2\/"},"wordCount":146,"publisher":{"@id":"https:\/\/fsimoes.pt\/#organization"},"image":{"@id":"https:\/\/fsimoes.pt\/media\/edificio-bloom-2-2\/#primaryimage"},"thumbnailUrl":"https:\/\/fsimoes.pt\/wp-content\/uploads\/2018\/02\/villa-carlos.jpg","articleSection":["Media","revistas"],"inLanguage":"en-US"},{"@type":"WebPage","@id":"https:\/\/fsimoes.pt\/media\/edificio-bloom-2-2\/","url":"https:\/\/fsimoes.pt\/media\/edificio-bloom-2-2\/","name":"Villa Carlos | FSIMOES Arquitectos Associados","isPartOf":{"@id":"https:\/\/fsimoes.pt\/#website"},"primaryImageOfPage":{"@id":"https:\/\/fsimoes.pt\/media\/edificio-bloom-2-2\/#primaryimage"},"image":{"@id":"https:\/\/fsimoes.pt\/media\/edificio-bloom-2-2\/#primaryimage"},"thumbnailUrl":"https:\/\/fsimoes.pt\/wp-content\/uploads\/2018\/02\/villa-carlos.jpg","datePublished":"2019-07-26T19:33:27+00:00","dateModified":"2023-09-27T08:29:59+00:00","description":"FSIMOES Arquitectos Associados","breadcrumb":{"@id":"https:\/\/fsimoes.pt\/media\/edificio-bloom-2-2\/#breadcrumb"},"inLanguage":"en-US","potentialAction":[{"@type":"ReadAction","target":["https:\/\/fsimoes.pt\/media\/edificio-bloom-2-2\/"]}]},{"@type":"ImageObject","inLanguage":"en-US","@id":"https:\/\/fsimoes.pt\/media\/edificio-bloom-2-2\/#primaryimage","url":"https:\/\/fsimoes.pt\/wp-content\/uploads\/2018\/02\/villa-carlos.jpg","contentUrl":"https:\/\/fsimoes.pt\/wp-content\/uploads\/2018\/02\/villa-carlos.jpg","width":2000,"height":2000,"caption":"Villa Carlos, Caxais, Portugal"},{"@type":"BreadcrumbList","@id":"https:\/\/fsimoes.pt\/media\/edificio-bloom-2-2\/#breadcrumb","itemListElement":[{"@type":"ListItem","position":1,"name":"In\u00edcio","item":"https:\/\/fsimoes.pt\/"},{"@type":"ListItem","position":2,"name":"Villa Carlos"}]},{"@type":"WebSite","@id":"https:\/\/fsimoes.pt\/#website","url":"https:\/\/fsimoes.pt\/","name":"Atelier de Arquitetura em Lisboa | FSIMOES Arquitetos Associados","description":"Atelier de arquitetura em Lisboa fundado pelo Arq.\u00ba Francisco Sim\u00f5es. Especialistas em projetos de habita\u00e7\u00e3o, reabilita\u00e7\u00e3o e design. Conhe\u00e7a o nosso portf\u00f3lio!","publisher":{"@id":"https:\/\/fsimoes.pt\/#organization"},"potentialAction":[{"@type":"SearchAction","target":{"@type":"EntryPoint","urlTemplate":"https:\/\/fsimoes.pt\/?s={search_term_string}"},"query-input":{"@type":"PropertyValueSpecification","valueRequired":true,"valueName":"search_term_string"}}],"inLanguage":"en-US"},{"@type":"Organization","@id":"https:\/\/fsimoes.pt\/#organization","name":"Atelier de Arquitetura em Lisboa | FSIMOES Arquitetos Associados","alternateName":"FSIMOES Arquitetos | Projetos e Reabilita\u00e7\u00e3o em Lisboa","url":"https:\/\/fsimoes.pt\/","logo":{"@type":"ImageObject","inLanguage":"en-US","@id":"https:\/\/fsimoes.pt\/#\/schema\/logo\/image\/","url":"https:\/\/fsimoes.pt\/wp-content\/uploads\/2015\/04\/separador.png","contentUrl":"https:\/\/fsimoes.pt\/wp-content\/uploads\/2015\/04\/separador.png","width":298,"height":298,"caption":"Atelier de Arquitetura em Lisboa | FSIMOES Arquitetos Associados"},"image":{"@id":"https:\/\/fsimoes.pt\/#\/schema\/logo\/image\/"},"sameAs":["https:\/\/www.facebook.com\/fsimoes.arq\/","https:\/\/x.com\/fsimoesarq","https:\/\/www.instagram.com\/fsimoes.arq\/","https:\/\/www.linkedin.com\/company\/fsim\u00f5es-arquitectos-associados","https:\/\/www.youtube.com\/channel\/UCRfYMmkzIWI-2-wlSep1NwA"]},{"@type":"Person","@id":"https:\/\/fsimoes.pt\/#\/schema\/person\/6f4af6fd56e40c244240ed086ace32d7","name":"Ricardo","image":{"@type":"ImageObject","inLanguage":"en-US","@id":"https:\/\/fsimoes.pt\/#\/schema\/person\/image\/","url":"https:\/\/secure.gravatar.com\/avatar\/215cba8c240d648e75761b1900c730e5070f84bae993cb918f3c5f75c05a154c?s=96&d=mm&r=g","contentUrl":"https:\/\/secure.gravatar.com\/avatar\/215cba8c240d648e75761b1900c730e5070f84bae993cb918f3c5f75c05a154c?s=96&d=mm&r=g","caption":"Ricardo"},"url":"https:\/\/fsimoes.pt\/en\/media\/author\/ricardo\/"}]}},"_links":{"self":[{"href":"https:\/\/fsimoes.pt\/en\/wp-json\/wp\/v2\/posts\/5016","targetHints":{"allow":["GET"]}}],"collection":[{"href":"https:\/\/fsimoes.pt\/en\/wp-json\/wp\/v2\/posts"}],"about":[{"href":"https:\/\/fsimoes.pt\/en\/wp-json\/wp\/v2\/types\/post"}],"author":[{"embeddable":true,"href":"https:\/\/fsimoes.pt\/en\/wp-json\/wp\/v2\/users\/8"}],"replies":[{"embeddable":true,"href":"https:\/\/fsimoes.pt\/en\/wp-json\/wp\/v2\/comments?post=5016"}],"version-history":[{"count":2,"href":"https:\/\/fsimoes.pt\/en\/wp-json\/wp\/v2\/posts\/5016\/revisions"}],"predecessor-version":[{"id":5018,"href":"https:\/\/fsimoes.pt\/en\/wp-json\/wp\/v2\/posts\/5016\/revisions\/5018"}],"wp:featuredmedia":[{"embeddable":true,"href":"https:\/\/fsimoes.pt\/en\/wp-json\/wp\/v2\/media\/4837"}],"wp:attachment":[{"href":"https:\/\/fsimoes.pt\/en\/wp-json\/wp\/v2\/media?parent=5016"}],"wp:term":[{"taxonomy":"category","embeddable":true,"href":"https:\/\/fsimoes.pt\/en\/wp-json\/wp\/v2\/categories?post=5016"},{"taxonomy":"post_tag","embeddable":true,"href":"https:\/\/fsimoes.pt\/en\/wp-json\/wp\/v2\/tags?post=5016"}],"curies":[{"name":"wp","href":"https:\/\/api.w.org\/{rel}","templated":true}]}}