{"id":5013,"date":"2019-07-27T19:15:35","date_gmt":"2019-07-27T19:15:35","guid":{"rendered":"https:\/\/fsimoes.pt\/janelas-verdes\/"},"modified":"2023-09-26T21:49:16","modified_gmt":"2023-09-26T21:49:16","slug":"janelas-verdes","status":"publish","type":"post","link":"https:\/\/fsimoes.pt\/en\/media\/janelas-verdes\/","title":{"rendered":"Janelas Verdes"},"content":{"rendered":"<section class=\"wpb-content-wrapper\"><p>[vc_row][vc_column][vc_column_text]<\/p>\n<div class=\"\">\n<p class=\"p_tc\">In the heart of the city of Lisbon, Janelas Verdes 34-58, a residential building with 736.50m2 of implementation area and 4829.35m2 of construction area, located next to the National Museum of Ancient Art, is a high quality intervention and excellent architecture.<br \/>\nAs it was not possible to safeguard the elevation of the pre-existing building, a greater harmonization and balance of the main facade was sought, in accordance with the constructive logic of the original period of the buildings in the surrounding area. In this sense, in order to reinterpret this memory, wooden frames and metal frames were used on the ground floor openings and garage doors.<br \/>\nOn the back facade of the building, it was decided to place decorative elements similar to those placed on the front elevation in order to achieve a greater aesthetic balance between them. On this elevation, protected from the city&#8217;s chaos, balconies were placed that aim to be light and careful elements, with glass guards and protected visibility areas through the placement of extruded aluminum sheets. From these balconies we have views of the building&#8217;s common areas on the ground floor, which feature an outdoor living area with a swimming pool, gym and green areas, resulting in a vertical garden, which transports us outside the city. The apartments on the ground floor have patios, where you can enjoy green areas and private living spaces.<\/p>\n<\/div>\n<hr \/>\n<p><em>Anteprojectos\u00a0 magazine<\/em><\/p>\n<p><em><a href=\"https:\/\/fsimoes.pt\/wp-content\/uploads\/2020\/06\/Anteprojectos-Outubro-2019.pdf\">Anteprojectos magazine Publication<\/a><\/em><\/p>\n<p><em><a href=\"http:\/\/bestinlisbon.pt\/janelasverdes.php\">Website Janelas Verdes<\/a><\/em><\/p>\n<p><em><a href=\"https:\/\/fsimoes.pt\/project\/janelas-verdes\/\">Project Page<\/a><\/em>[\/vc_column_text][\/vc_column][\/vc_row][vc_row][vc_column][vc_empty_space][vc_video link=&#8221;https:\/\/www.youtube.com\/watch?v=_Kr0sovJO60&#8243;][vc_empty_space][\/vc_column][\/vc_row][vc_row][vc_column][vc_media_grid grid_id=&#8221;vc_gid:1695764615659-94bbb1f6-13bc-9&#8243; include=&#8221;4303,3120,4305,3127,3130,3131,4395,4397,4301&#8243;][\/vc_column][\/vc_row]<\/p>\n<\/section>","protected":false},"excerpt":{"rendered":"revista Anteprojetocs","protected":false},"author":8,"featured_media":4310,"comment_status":"closed","ping_status":"closed","sticky":false,"template":"","format":"standard","meta":{"footnotes":""},"categories":[77],"tags":[],"class_list":["post-5013","post","type-post","status-publish","format-standard","has-post-thumbnail","hentry","category-media-en"],"yoast_head":"<!-- This site is optimized with the Yoast SEO plugin v26.1.1 - https:\/\/yoast.com\/wordpress\/plugins\/seo\/ -->\n<title>Janelas Verdes | FSIMOES Arquitectos Associados<\/title>\n<meta name=\"description\" content=\"FSIMOES Arquitectos Associados\" \/>\n<meta name=\"robots\" content=\"index, follow, max-snippet:-1, max-image-preview:large, max-video-preview:-1\" \/>\n<link rel=\"canonical\" href=\"https:\/\/fsimoes.pt\/media\/janelas-verdes\/\" \/>\n<meta property=\"og:locale\" content=\"en_US\" \/>\n<meta property=\"og:type\" content=\"article\" \/>\n<meta property=\"og:title\" content=\"Janelas Verdes | FSIMOES Arquitectos Associados\" \/>\n<meta property=\"og:description\" content=\"FSIMOES Arquitectos Associados\" \/>\n<meta property=\"og:url\" content=\"https:\/\/fsimoes.pt\/media\/janelas-verdes\/\" \/>\n<meta property=\"og:site_name\" content=\"FSIMOES Arquitectos Associados\" \/>\n<meta property=\"article:publisher\" content=\"https:\/\/www.facebook.com\/fsimoes.arq\/\" \/>\n<meta property=\"article:published_time\" content=\"2019-07-27T19:15:35+00:00\" \/>\n<meta property=\"article:modified_time\" content=\"2023-09-26T21:49:16+00:00\" \/>\n<meta property=\"og:image\" content=\"https:\/\/fsimoes.pt\/wp-content\/uploads\/2019\/07\/janelas_verdes0006.jpg\" \/>\n\t<meta property=\"og:image:width\" content=\"552\" \/>\n\t<meta property=\"og:image:height\" content=\"700\" \/>\n\t<meta property=\"og:image:type\" content=\"image\/jpeg\" \/>\n<meta name=\"author\" content=\"Ricardo\" \/>\n<meta name=\"twitter:card\" content=\"summary_large_image\" \/>\n<meta name=\"twitter:creator\" content=\"@fsimoesarq\" \/>\n<meta name=\"twitter:site\" content=\"@fsimoesarq\" \/>\n<meta name=\"twitter:label1\" content=\"Written by\" \/>\n\t<meta name=\"twitter:data1\" content=\"Ricardo\" \/>\n\t<meta name=\"twitter:label2\" content=\"Est. reading time\" \/>\n\t<meta name=\"twitter:data2\" content=\"1 minute\" \/>\n<script type=\"application\/ld+json\" class=\"yoast-schema-graph\">{\"@context\":\"https:\/\/schema.org\",\"@graph\":[{\"@type\":\"Article\",\"@id\":\"https:\/\/fsimoes.pt\/media\/janelas-verdes\/#article\",\"isPartOf\":{\"@id\":\"https:\/\/fsimoes.pt\/media\/janelas-verdes\/\"},\"author\":{\"name\":\"Ricardo\",\"@id\":\"https:\/\/fsimoes.pt\/#\/schema\/person\/6f4af6fd56e40c244240ed086ace32d7\"},\"headline\":\"Janelas Verdes\",\"datePublished\":\"2019-07-27T19:15:35+00:00\",\"dateModified\":\"2023-09-26T21:49:16+00:00\",\"mainEntityOfPage\":{\"@id\":\"https:\/\/fsimoes.pt\/media\/janelas-verdes\/\"},\"wordCount\":303,\"publisher\":{\"@id\":\"https:\/\/fsimoes.pt\/#organization\"},\"image\":{\"@id\":\"https:\/\/fsimoes.pt\/media\/janelas-verdes\/#primaryimage\"},\"thumbnailUrl\":\"https:\/\/fsimoes.pt\/wp-content\/uploads\/2019\/07\/janelas_verdes0006.jpg\",\"articleSection\":[\"Media\"],\"inLanguage\":\"en-US\"},{\"@type\":\"WebPage\",\"@id\":\"https:\/\/fsimoes.pt\/media\/janelas-verdes\/\",\"url\":\"https:\/\/fsimoes.pt\/media\/janelas-verdes\/\",\"name\":\"Janelas Verdes | FSIMOES Arquitectos Associados\",\"isPartOf\":{\"@id\":\"https:\/\/fsimoes.pt\/#website\"},\"primaryImageOfPage\":{\"@id\":\"https:\/\/fsimoes.pt\/media\/janelas-verdes\/#primaryimage\"},\"image\":{\"@id\":\"https:\/\/fsimoes.pt\/media\/janelas-verdes\/#primaryimage\"},\"thumbnailUrl\":\"https:\/\/fsimoes.pt\/wp-content\/uploads\/2019\/07\/janelas_verdes0006.jpg\",\"datePublished\":\"2019-07-27T19:15:35+00:00\",\"dateModified\":\"2023-09-26T21:49:16+00:00\",\"description\":\"FSIMOES Arquitectos Associados\",\"breadcrumb\":{\"@id\":\"https:\/\/fsimoes.pt\/media\/janelas-verdes\/#breadcrumb\"},\"inLanguage\":\"en-US\",\"potentialAction\":[{\"@type\":\"ReadAction\",\"target\":[\"https:\/\/fsimoes.pt\/media\/janelas-verdes\/\"]}]},{\"@type\":\"ImageObject\",\"inLanguage\":\"en-US\",\"@id\":\"https:\/\/fsimoes.pt\/media\/janelas-verdes\/#primaryimage\",\"url\":\"https:\/\/fsimoes.pt\/wp-content\/uploads\/2019\/07\/janelas_verdes0006.jpg\",\"contentUrl\":\"https:\/\/fsimoes.pt\/wp-content\/uploads\/2019\/07\/janelas_verdes0006.jpg\",\"width\":552,\"height\":700},{\"@type\":\"BreadcrumbList\",\"@id\":\"https:\/\/fsimoes.pt\/media\/janelas-verdes\/#breadcrumb\",\"itemListElement\":[{\"@type\":\"ListItem\",\"position\":1,\"name\":\"In\u00edcio\",\"item\":\"https:\/\/fsimoes.pt\/\"},{\"@type\":\"ListItem\",\"position\":2,\"name\":\"Janelas Verdes\"}]},{\"@type\":\"WebSite\",\"@id\":\"https:\/\/fsimoes.pt\/#website\",\"url\":\"https:\/\/fsimoes.pt\/\",\"name\":\"Atelier de Arquitetura em Lisboa | FSIMOES Arquitetos Associados\",\"description\":\"Atelier de arquitetura em Lisboa fundado pelo Arq.\u00ba Francisco Sim\u00f5es. Especialistas em projetos de habita\u00e7\u00e3o, reabilita\u00e7\u00e3o e design. Conhe\u00e7a o nosso portf\u00f3lio!\",\"publisher\":{\"@id\":\"https:\/\/fsimoes.pt\/#organization\"},\"potentialAction\":[{\"@type\":\"SearchAction\",\"target\":{\"@type\":\"EntryPoint\",\"urlTemplate\":\"https:\/\/fsimoes.pt\/?s={search_term_string}\"},\"query-input\":{\"@type\":\"PropertyValueSpecification\",\"valueRequired\":true,\"valueName\":\"search_term_string\"}}],\"inLanguage\":\"en-US\"},{\"@type\":\"Organization\",\"@id\":\"https:\/\/fsimoes.pt\/#organization\",\"name\":\"Atelier de Arquitetura em Lisboa | FSIMOES Arquitetos Associados\",\"alternateName\":\"FSIMOES Arquitetos | Projetos e Reabilita\u00e7\u00e3o em Lisboa\",\"url\":\"https:\/\/fsimoes.pt\/\",\"logo\":{\"@type\":\"ImageObject\",\"inLanguage\":\"en-US\",\"@id\":\"https:\/\/fsimoes.pt\/#\/schema\/logo\/image\/\",\"url\":\"https:\/\/fsimoes.pt\/wp-content\/uploads\/2015\/04\/separador.png\",\"contentUrl\":\"https:\/\/fsimoes.pt\/wp-content\/uploads\/2015\/04\/separador.png\",\"width\":298,\"height\":298,\"caption\":\"Atelier de Arquitetura em Lisboa | FSIMOES Arquitetos Associados\"},\"image\":{\"@id\":\"https:\/\/fsimoes.pt\/#\/schema\/logo\/image\/\"},\"sameAs\":[\"https:\/\/www.facebook.com\/fsimoes.arq\/\",\"https:\/\/x.com\/fsimoesarq\",\"https:\/\/www.instagram.com\/fsimoes.arq\/\",\"https:\/\/www.linkedin.com\/company\/fsim\u00f5es-arquitectos-associados\",\"https:\/\/www.youtube.com\/channel\/UCRfYMmkzIWI-2-wlSep1NwA\"]},{\"@type\":\"Person\",\"@id\":\"https:\/\/fsimoes.pt\/#\/schema\/person\/6f4af6fd56e40c244240ed086ace32d7\",\"name\":\"Ricardo\",\"image\":{\"@type\":\"ImageObject\",\"inLanguage\":\"en-US\",\"@id\":\"https:\/\/fsimoes.pt\/#\/schema\/person\/image\/\",\"url\":\"https:\/\/secure.gravatar.com\/avatar\/215cba8c240d648e75761b1900c730e5070f84bae993cb918f3c5f75c05a154c?s=96&d=mm&r=g\",\"contentUrl\":\"https:\/\/secure.gravatar.com\/avatar\/215cba8c240d648e75761b1900c730e5070f84bae993cb918f3c5f75c05a154c?s=96&d=mm&r=g\",\"caption\":\"Ricardo\"},\"url\":\"https:\/\/fsimoes.pt\/en\/media\/author\/ricardo\/\"}]}<\/script>\n<!-- \/ Yoast SEO plugin. -->","yoast_head_json":{"title":"Janelas Verdes | FSIMOES Arquitectos Associados","description":"FSIMOES Arquitectos Associados","robots":{"index":"index","follow":"follow","max-snippet":"max-snippet:-1","max-image-preview":"max-image-preview:large","max-video-preview":"max-video-preview:-1"},"canonical":"https:\/\/fsimoes.pt\/media\/janelas-verdes\/","og_locale":"en_US","og_type":"article","og_title":"Janelas Verdes | FSIMOES Arquitectos Associados","og_description":"FSIMOES Arquitectos Associados","og_url":"https:\/\/fsimoes.pt\/media\/janelas-verdes\/","og_site_name":"FSIMOES Arquitectos Associados","article_publisher":"https:\/\/www.facebook.com\/fsimoes.arq\/","article_published_time":"2019-07-27T19:15:35+00:00","article_modified_time":"2023-09-26T21:49:16+00:00","og_image":[{"width":552,"height":700,"url":"https:\/\/fsimoes.pt\/wp-content\/uploads\/2019\/07\/janelas_verdes0006.jpg","type":"image\/jpeg"}],"author":"Ricardo","twitter_card":"summary_large_image","twitter_creator":"@fsimoesarq","twitter_site":"@fsimoesarq","twitter_misc":{"Written by":"Ricardo","Est. reading time":"1 minute"},"schema":{"@context":"https:\/\/schema.org","@graph":[{"@type":"Article","@id":"https:\/\/fsimoes.pt\/media\/janelas-verdes\/#article","isPartOf":{"@id":"https:\/\/fsimoes.pt\/media\/janelas-verdes\/"},"author":{"name":"Ricardo","@id":"https:\/\/fsimoes.pt\/#\/schema\/person\/6f4af6fd56e40c244240ed086ace32d7"},"headline":"Janelas Verdes","datePublished":"2019-07-27T19:15:35+00:00","dateModified":"2023-09-26T21:49:16+00:00","mainEntityOfPage":{"@id":"https:\/\/fsimoes.pt\/media\/janelas-verdes\/"},"wordCount":303,"publisher":{"@id":"https:\/\/fsimoes.pt\/#organization"},"image":{"@id":"https:\/\/fsimoes.pt\/media\/janelas-verdes\/#primaryimage"},"thumbnailUrl":"https:\/\/fsimoes.pt\/wp-content\/uploads\/2019\/07\/janelas_verdes0006.jpg","articleSection":["Media"],"inLanguage":"en-US"},{"@type":"WebPage","@id":"https:\/\/fsimoes.pt\/media\/janelas-verdes\/","url":"https:\/\/fsimoes.pt\/media\/janelas-verdes\/","name":"Janelas Verdes | FSIMOES Arquitectos Associados","isPartOf":{"@id":"https:\/\/fsimoes.pt\/#website"},"primaryImageOfPage":{"@id":"https:\/\/fsimoes.pt\/media\/janelas-verdes\/#primaryimage"},"image":{"@id":"https:\/\/fsimoes.pt\/media\/janelas-verdes\/#primaryimage"},"thumbnailUrl":"https:\/\/fsimoes.pt\/wp-content\/uploads\/2019\/07\/janelas_verdes0006.jpg","datePublished":"2019-07-27T19:15:35+00:00","dateModified":"2023-09-26T21:49:16+00:00","description":"FSIMOES Arquitectos Associados","breadcrumb":{"@id":"https:\/\/fsimoes.pt\/media\/janelas-verdes\/#breadcrumb"},"inLanguage":"en-US","potentialAction":[{"@type":"ReadAction","target":["https:\/\/fsimoes.pt\/media\/janelas-verdes\/"]}]},{"@type":"ImageObject","inLanguage":"en-US","@id":"https:\/\/fsimoes.pt\/media\/janelas-verdes\/#primaryimage","url":"https:\/\/fsimoes.pt\/wp-content\/uploads\/2019\/07\/janelas_verdes0006.jpg","contentUrl":"https:\/\/fsimoes.pt\/wp-content\/uploads\/2019\/07\/janelas_verdes0006.jpg","width":552,"height":700},{"@type":"BreadcrumbList","@id":"https:\/\/fsimoes.pt\/media\/janelas-verdes\/#breadcrumb","itemListElement":[{"@type":"ListItem","position":1,"name":"In\u00edcio","item":"https:\/\/fsimoes.pt\/"},{"@type":"ListItem","position":2,"name":"Janelas Verdes"}]},{"@type":"WebSite","@id":"https:\/\/fsimoes.pt\/#website","url":"https:\/\/fsimoes.pt\/","name":"Atelier de Arquitetura em Lisboa | FSIMOES Arquitetos Associados","description":"Atelier de arquitetura em Lisboa fundado pelo Arq.\u00ba Francisco Sim\u00f5es. Especialistas em projetos de habita\u00e7\u00e3o, reabilita\u00e7\u00e3o e design. Conhe\u00e7a o nosso portf\u00f3lio!","publisher":{"@id":"https:\/\/fsimoes.pt\/#organization"},"potentialAction":[{"@type":"SearchAction","target":{"@type":"EntryPoint","urlTemplate":"https:\/\/fsimoes.pt\/?s={search_term_string}"},"query-input":{"@type":"PropertyValueSpecification","valueRequired":true,"valueName":"search_term_string"}}],"inLanguage":"en-US"},{"@type":"Organization","@id":"https:\/\/fsimoes.pt\/#organization","name":"Atelier de Arquitetura em Lisboa | FSIMOES Arquitetos Associados","alternateName":"FSIMOES Arquitetos | Projetos e Reabilita\u00e7\u00e3o em Lisboa","url":"https:\/\/fsimoes.pt\/","logo":{"@type":"ImageObject","inLanguage":"en-US","@id":"https:\/\/fsimoes.pt\/#\/schema\/logo\/image\/","url":"https:\/\/fsimoes.pt\/wp-content\/uploads\/2015\/04\/separador.png","contentUrl":"https:\/\/fsimoes.pt\/wp-content\/uploads\/2015\/04\/separador.png","width":298,"height":298,"caption":"Atelier de Arquitetura em Lisboa | FSIMOES Arquitetos Associados"},"image":{"@id":"https:\/\/fsimoes.pt\/#\/schema\/logo\/image\/"},"sameAs":["https:\/\/www.facebook.com\/fsimoes.arq\/","https:\/\/x.com\/fsimoesarq","https:\/\/www.instagram.com\/fsimoes.arq\/","https:\/\/www.linkedin.com\/company\/fsim\u00f5es-arquitectos-associados","https:\/\/www.youtube.com\/channel\/UCRfYMmkzIWI-2-wlSep1NwA"]},{"@type":"Person","@id":"https:\/\/fsimoes.pt\/#\/schema\/person\/6f4af6fd56e40c244240ed086ace32d7","name":"Ricardo","image":{"@type":"ImageObject","inLanguage":"en-US","@id":"https:\/\/fsimoes.pt\/#\/schema\/person\/image\/","url":"https:\/\/secure.gravatar.com\/avatar\/215cba8c240d648e75761b1900c730e5070f84bae993cb918f3c5f75c05a154c?s=96&d=mm&r=g","contentUrl":"https:\/\/secure.gravatar.com\/avatar\/215cba8c240d648e75761b1900c730e5070f84bae993cb918f3c5f75c05a154c?s=96&d=mm&r=g","caption":"Ricardo"},"url":"https:\/\/fsimoes.pt\/en\/media\/author\/ricardo\/"}]}},"_links":{"self":[{"href":"https:\/\/fsimoes.pt\/en\/wp-json\/wp\/v2\/posts\/5013","targetHints":{"allow":["GET"]}}],"collection":[{"href":"https:\/\/fsimoes.pt\/en\/wp-json\/wp\/v2\/posts"}],"about":[{"href":"https:\/\/fsimoes.pt\/en\/wp-json\/wp\/v2\/types\/post"}],"author":[{"embeddable":true,"href":"https:\/\/fsimoes.pt\/en\/wp-json\/wp\/v2\/users\/8"}],"replies":[{"embeddable":true,"href":"https:\/\/fsimoes.pt\/en\/wp-json\/wp\/v2\/comments?post=5013"}],"version-history":[{"count":1,"href":"https:\/\/fsimoes.pt\/en\/wp-json\/wp\/v2\/posts\/5013\/revisions"}],"predecessor-version":[{"id":5014,"href":"https:\/\/fsimoes.pt\/en\/wp-json\/wp\/v2\/posts\/5013\/revisions\/5014"}],"wp:featuredmedia":[{"embeddable":true,"href":"https:\/\/fsimoes.pt\/en\/wp-json\/wp\/v2\/media\/4310"}],"wp:attachment":[{"href":"https:\/\/fsimoes.pt\/en\/wp-json\/wp\/v2\/media?parent=5013"}],"wp:term":[{"taxonomy":"category","embeddable":true,"href":"https:\/\/fsimoes.pt\/en\/wp-json\/wp\/v2\/categories?post=5013"},{"taxonomy":"post_tag","embeddable":true,"href":"https:\/\/fsimoes.pt\/en\/wp-json\/wp\/v2\/tags?post=5013"}],"curies":[{"name":"wp","href":"https:\/\/api.w.org\/{rel}","templated":true}]}}