{"id":4999,"date":"2019-08-15T15:02:54","date_gmt":"2019-08-15T15:02:54","guid":{"rendered":"https:\/\/fsimoes.pt\/madalena\/"},"modified":"2023-09-26T21:24:11","modified_gmt":"2023-09-26T21:24:11","slug":"madalena","status":"publish","type":"post","link":"https:\/\/fsimoes.pt\/en\/media\/madalena\/","title":{"rendered":"Madalena"},"content":{"rendered":"<section class=\"wpb-content-wrapper\"><p>[vc_row][vc_column][vc_column_text]<\/p>\n<div style=\"width: 640px;\" class=\"wp-video\"><!--[if lt IE 9]><script>document.createElement('video');<\/script><![endif]-->\n<video class=\"wp-video-shortcode\" id=\"video-4999-1\" width=\"640\" height=\"360\" preload=\"metadata\" controls=\"controls\"><source type=\"video\/mp4\" src=\"https:\/\/fsimoes.pt\/wp-content\/uploads\/2020\/01\/Rua-da-Madalena_x264_001.mp4?_=1\" \/><a href=\"https:\/\/fsimoes.pt\/wp-content\/uploads\/2020\/01\/Rua-da-Madalena_x264_001.mp4\">https:\/\/fsimoes.pt\/wp-content\/uploads\/2020\/01\/Rua-da-Madalena_x264_001.mp4<\/a><\/video><\/div>\n<p>[\/vc_column_text][\/vc_column][\/vc_row][vc_row][vc_column][vc_empty_space][vc_column_text]<em><a href=\"https:\/\/fsimoes.pt\/project\/madalena\/\">Project Page<\/a><\/em>[\/vc_column_text][\/vc_column][\/vc_row][vc_row][vc_column][vc_empty_space][vc_media_grid grid_id=&#8221;vc_gid:1695763406653-df24903c-6743-0&#8243; include=&#8221;2258,2257,2254,2255,2253,2252,2707,2961,2708&#8243;][\/vc_column][\/vc_row]<\/p>\n<\/section>","protected":false},"excerpt":{"rendered":"&nbsp;","protected":false},"author":8,"featured_media":4840,"comment_status":"closed","ping_status":"closed","sticky":false,"template":"","format":"standard","meta":{"footnotes":""},"categories":[77,78],"tags":[],"class_list":["post-4999","post","type-post","status-publish","format-standard","has-post-thumbnail","hentry","category-media-en","category-video-en"],"yoast_head":"<!-- This site is optimized with the Yoast SEO plugin v26.1.1 - https:\/\/yoast.com\/wordpress\/plugins\/seo\/ -->\n<title>Madalena | FSIMOES Arquitectos Associados<\/title>\n<meta name=\"description\" content=\"FSIMOES Arquitectos Associados\" \/>\n<meta name=\"robots\" content=\"index, follow, max-snippet:-1, max-image-preview:large, max-video-preview:-1\" \/>\n<link rel=\"canonical\" href=\"https:\/\/fsimoes.pt\/media\/madalena\/\" \/>\n<meta property=\"og:locale\" content=\"en_US\" \/>\n<meta property=\"og:type\" content=\"article\" \/>\n<meta property=\"og:title\" content=\"Madalena | FSIMOES Arquitectos Associados\" \/>\n<meta property=\"og:description\" content=\"FSIMOES Arquitectos Associados\" \/>\n<meta property=\"og:url\" content=\"https:\/\/fsimoes.pt\/media\/madalena\/\" \/>\n<meta property=\"og:site_name\" content=\"FSIMOES Arquitectos Associados\" \/>\n<meta property=\"article:publisher\" content=\"https:\/\/www.facebook.com\/fsimoes.arq\/\" \/>\n<meta property=\"article:published_time\" content=\"2019-08-15T15:02:54+00:00\" \/>\n<meta property=\"article:modified_time\" content=\"2023-09-26T21:24:11+00:00\" \/>\n<meta property=\"og:image\" content=\"https:\/\/fsimoes.pt\/wp-content\/uploads\/2018\/02\/rua-da-madalena-2-2-e1577961864542.jpg\" \/>\n\t<meta property=\"og:image:width\" content=\"1920\" \/>\n\t<meta property=\"og:image:height\" content=\"1483\" \/>\n\t<meta property=\"og:image:type\" content=\"image\/jpeg\" \/>\n<meta name=\"author\" content=\"Ricardo\" \/>\n<meta name=\"twitter:card\" content=\"summary_large_image\" \/>\n<meta name=\"twitter:creator\" content=\"@fsimoesarq\" \/>\n<meta name=\"twitter:site\" content=\"@fsimoesarq\" \/>\n<meta name=\"twitter:label1\" content=\"Written by\" \/>\n\t<meta name=\"twitter:data1\" content=\"Ricardo\" \/>\n<script type=\"application\/ld+json\" class=\"yoast-schema-graph\">{\"@context\":\"https:\/\/schema.org\",\"@graph\":[{\"@type\":\"Article\",\"@id\":\"https:\/\/fsimoes.pt\/media\/madalena\/#article\",\"isPartOf\":{\"@id\":\"https:\/\/fsimoes.pt\/media\/madalena\/\"},\"author\":{\"name\":\"Ricardo\",\"@id\":\"https:\/\/fsimoes.pt\/#\/schema\/person\/6f4af6fd56e40c244240ed086ace32d7\"},\"headline\":\"Madalena\",\"datePublished\":\"2019-08-15T15:02:54+00:00\",\"dateModified\":\"2023-09-26T21:24:11+00:00\",\"mainEntityOfPage\":{\"@id\":\"https:\/\/fsimoes.pt\/media\/madalena\/\"},\"wordCount\":67,\"publisher\":{\"@id\":\"https:\/\/fsimoes.pt\/#organization\"},\"image\":{\"@id\":\"https:\/\/fsimoes.pt\/media\/madalena\/#primaryimage\"},\"thumbnailUrl\":\"https:\/\/fsimoes.pt\/wp-content\/uploads\/2018\/02\/rua-da-madalena-2-2-e1577961864542.jpg\",\"articleSection\":[\"Media\",\"Video\"],\"inLanguage\":\"en-US\"},{\"@type\":\"WebPage\",\"@id\":\"https:\/\/fsimoes.pt\/media\/madalena\/\",\"url\":\"https:\/\/fsimoes.pt\/media\/madalena\/\",\"name\":\"Madalena | FSIMOES Arquitectos Associados\",\"isPartOf\":{\"@id\":\"https:\/\/fsimoes.pt\/#website\"},\"primaryImageOfPage\":{\"@id\":\"https:\/\/fsimoes.pt\/media\/madalena\/#primaryimage\"},\"image\":{\"@id\":\"https:\/\/fsimoes.pt\/media\/madalena\/#primaryimage\"},\"thumbnailUrl\":\"https:\/\/fsimoes.pt\/wp-content\/uploads\/2018\/02\/rua-da-madalena-2-2-e1577961864542.jpg\",\"datePublished\":\"2019-08-15T15:02:54+00:00\",\"dateModified\":\"2023-09-26T21:24:11+00:00\",\"description\":\"FSIMOES Arquitectos Associados\",\"breadcrumb\":{\"@id\":\"https:\/\/fsimoes.pt\/media\/madalena\/#breadcrumb\"},\"inLanguage\":\"en-US\",\"potentialAction\":[{\"@type\":\"ReadAction\",\"target\":[\"https:\/\/fsimoes.pt\/media\/madalena\/\"]}]},{\"@type\":\"ImageObject\",\"inLanguage\":\"en-US\",\"@id\":\"https:\/\/fsimoes.pt\/media\/madalena\/#primaryimage\",\"url\":\"https:\/\/fsimoes.pt\/wp-content\/uploads\/2018\/02\/rua-da-madalena-2-2-e1577961864542.jpg\",\"contentUrl\":\"https:\/\/fsimoes.pt\/wp-content\/uploads\/2018\/02\/rua-da-madalena-2-2-e1577961864542.jpg\",\"width\":1920,\"height\":1483,\"caption\":\"SONY DSC\"},{\"@type\":\"BreadcrumbList\",\"@id\":\"https:\/\/fsimoes.pt\/media\/madalena\/#breadcrumb\",\"itemListElement\":[{\"@type\":\"ListItem\",\"position\":1,\"name\":\"In\u00edcio\",\"item\":\"https:\/\/fsimoes.pt\/\"},{\"@type\":\"ListItem\",\"position\":2,\"name\":\"Madalena\"}]},{\"@type\":\"WebSite\",\"@id\":\"https:\/\/fsimoes.pt\/#website\",\"url\":\"https:\/\/fsimoes.pt\/\",\"name\":\"Atelier de Arquitetura em Lisboa | FSIMOES Arquitetos Associados\",\"description\":\"Atelier de arquitetura em Lisboa fundado pelo Arq.\u00ba Francisco Sim\u00f5es. Especialistas em projetos de habita\u00e7\u00e3o, reabilita\u00e7\u00e3o e design. Conhe\u00e7a o nosso portf\u00f3lio!\",\"publisher\":{\"@id\":\"https:\/\/fsimoes.pt\/#organization\"},\"potentialAction\":[{\"@type\":\"SearchAction\",\"target\":{\"@type\":\"EntryPoint\",\"urlTemplate\":\"https:\/\/fsimoes.pt\/?s={search_term_string}\"},\"query-input\":{\"@type\":\"PropertyValueSpecification\",\"valueRequired\":true,\"valueName\":\"search_term_string\"}}],\"inLanguage\":\"en-US\"},{\"@type\":\"Organization\",\"@id\":\"https:\/\/fsimoes.pt\/#organization\",\"name\":\"Atelier de Arquitetura em Lisboa | FSIMOES Arquitetos Associados\",\"alternateName\":\"FSIMOES Arquitetos | Projetos e Reabilita\u00e7\u00e3o em Lisboa\",\"url\":\"https:\/\/fsimoes.pt\/\",\"logo\":{\"@type\":\"ImageObject\",\"inLanguage\":\"en-US\",\"@id\":\"https:\/\/fsimoes.pt\/#\/schema\/logo\/image\/\",\"url\":\"https:\/\/fsimoes.pt\/wp-content\/uploads\/2015\/04\/separador.png\",\"contentUrl\":\"https:\/\/fsimoes.pt\/wp-content\/uploads\/2015\/04\/separador.png\",\"width\":298,\"height\":298,\"caption\":\"Atelier de Arquitetura em Lisboa | FSIMOES Arquitetos Associados\"},\"image\":{\"@id\":\"https:\/\/fsimoes.pt\/#\/schema\/logo\/image\/\"},\"sameAs\":[\"https:\/\/www.facebook.com\/fsimoes.arq\/\",\"https:\/\/x.com\/fsimoesarq\",\"https:\/\/www.instagram.com\/fsimoes.arq\/\",\"https:\/\/www.linkedin.com\/company\/fsim\u00f5es-arquitectos-associados\",\"https:\/\/www.youtube.com\/channel\/UCRfYMmkzIWI-2-wlSep1NwA\"]},{\"@type\":\"Person\",\"@id\":\"https:\/\/fsimoes.pt\/#\/schema\/person\/6f4af6fd56e40c244240ed086ace32d7\",\"name\":\"Ricardo\",\"image\":{\"@type\":\"ImageObject\",\"inLanguage\":\"en-US\",\"@id\":\"https:\/\/fsimoes.pt\/#\/schema\/person\/image\/\",\"url\":\"https:\/\/secure.gravatar.com\/avatar\/215cba8c240d648e75761b1900c730e5070f84bae993cb918f3c5f75c05a154c?s=96&d=mm&r=g\",\"contentUrl\":\"https:\/\/secure.gravatar.com\/avatar\/215cba8c240d648e75761b1900c730e5070f84bae993cb918f3c5f75c05a154c?s=96&d=mm&r=g\",\"caption\":\"Ricardo\"},\"url\":\"https:\/\/fsimoes.pt\/en\/media\/author\/ricardo\/\"}]}<\/script>\n<!-- \/ Yoast SEO plugin. -->","yoast_head_json":{"title":"Madalena | FSIMOES Arquitectos Associados","description":"FSIMOES Arquitectos Associados","robots":{"index":"index","follow":"follow","max-snippet":"max-snippet:-1","max-image-preview":"max-image-preview:large","max-video-preview":"max-video-preview:-1"},"canonical":"https:\/\/fsimoes.pt\/media\/madalena\/","og_locale":"en_US","og_type":"article","og_title":"Madalena | FSIMOES Arquitectos Associados","og_description":"FSIMOES Arquitectos Associados","og_url":"https:\/\/fsimoes.pt\/media\/madalena\/","og_site_name":"FSIMOES Arquitectos Associados","article_publisher":"https:\/\/www.facebook.com\/fsimoes.arq\/","article_published_time":"2019-08-15T15:02:54+00:00","article_modified_time":"2023-09-26T21:24:11+00:00","og_image":[{"width":1920,"height":1483,"url":"https:\/\/fsimoes.pt\/wp-content\/uploads\/2018\/02\/rua-da-madalena-2-2-e1577961864542.jpg","type":"image\/jpeg"}],"author":"Ricardo","twitter_card":"summary_large_image","twitter_creator":"@fsimoesarq","twitter_site":"@fsimoesarq","twitter_misc":{"Written by":"Ricardo"},"schema":{"@context":"https:\/\/schema.org","@graph":[{"@type":"Article","@id":"https:\/\/fsimoes.pt\/media\/madalena\/#article","isPartOf":{"@id":"https:\/\/fsimoes.pt\/media\/madalena\/"},"author":{"name":"Ricardo","@id":"https:\/\/fsimoes.pt\/#\/schema\/person\/6f4af6fd56e40c244240ed086ace32d7"},"headline":"Madalena","datePublished":"2019-08-15T15:02:54+00:00","dateModified":"2023-09-26T21:24:11+00:00","mainEntityOfPage":{"@id":"https:\/\/fsimoes.pt\/media\/madalena\/"},"wordCount":67,"publisher":{"@id":"https:\/\/fsimoes.pt\/#organization"},"image":{"@id":"https:\/\/fsimoes.pt\/media\/madalena\/#primaryimage"},"thumbnailUrl":"https:\/\/fsimoes.pt\/wp-content\/uploads\/2018\/02\/rua-da-madalena-2-2-e1577961864542.jpg","articleSection":["Media","Video"],"inLanguage":"en-US"},{"@type":"WebPage","@id":"https:\/\/fsimoes.pt\/media\/madalena\/","url":"https:\/\/fsimoes.pt\/media\/madalena\/","name":"Madalena | FSIMOES Arquitectos Associados","isPartOf":{"@id":"https:\/\/fsimoes.pt\/#website"},"primaryImageOfPage":{"@id":"https:\/\/fsimoes.pt\/media\/madalena\/#primaryimage"},"image":{"@id":"https:\/\/fsimoes.pt\/media\/madalena\/#primaryimage"},"thumbnailUrl":"https:\/\/fsimoes.pt\/wp-content\/uploads\/2018\/02\/rua-da-madalena-2-2-e1577961864542.jpg","datePublished":"2019-08-15T15:02:54+00:00","dateModified":"2023-09-26T21:24:11+00:00","description":"FSIMOES Arquitectos Associados","breadcrumb":{"@id":"https:\/\/fsimoes.pt\/media\/madalena\/#breadcrumb"},"inLanguage":"en-US","potentialAction":[{"@type":"ReadAction","target":["https:\/\/fsimoes.pt\/media\/madalena\/"]}]},{"@type":"ImageObject","inLanguage":"en-US","@id":"https:\/\/fsimoes.pt\/media\/madalena\/#primaryimage","url":"https:\/\/fsimoes.pt\/wp-content\/uploads\/2018\/02\/rua-da-madalena-2-2-e1577961864542.jpg","contentUrl":"https:\/\/fsimoes.pt\/wp-content\/uploads\/2018\/02\/rua-da-madalena-2-2-e1577961864542.jpg","width":1920,"height":1483,"caption":"SONY DSC"},{"@type":"BreadcrumbList","@id":"https:\/\/fsimoes.pt\/media\/madalena\/#breadcrumb","itemListElement":[{"@type":"ListItem","position":1,"name":"In\u00edcio","item":"https:\/\/fsimoes.pt\/"},{"@type":"ListItem","position":2,"name":"Madalena"}]},{"@type":"WebSite","@id":"https:\/\/fsimoes.pt\/#website","url":"https:\/\/fsimoes.pt\/","name":"Atelier de Arquitetura em Lisboa | FSIMOES Arquitetos Associados","description":"Atelier de arquitetura em Lisboa fundado pelo Arq.\u00ba Francisco Sim\u00f5es. Especialistas em projetos de habita\u00e7\u00e3o, reabilita\u00e7\u00e3o e design. Conhe\u00e7a o nosso portf\u00f3lio!","publisher":{"@id":"https:\/\/fsimoes.pt\/#organization"},"potentialAction":[{"@type":"SearchAction","target":{"@type":"EntryPoint","urlTemplate":"https:\/\/fsimoes.pt\/?s={search_term_string}"},"query-input":{"@type":"PropertyValueSpecification","valueRequired":true,"valueName":"search_term_string"}}],"inLanguage":"en-US"},{"@type":"Organization","@id":"https:\/\/fsimoes.pt\/#organization","name":"Atelier de Arquitetura em Lisboa | FSIMOES Arquitetos Associados","alternateName":"FSIMOES Arquitetos | Projetos e Reabilita\u00e7\u00e3o em Lisboa","url":"https:\/\/fsimoes.pt\/","logo":{"@type":"ImageObject","inLanguage":"en-US","@id":"https:\/\/fsimoes.pt\/#\/schema\/logo\/image\/","url":"https:\/\/fsimoes.pt\/wp-content\/uploads\/2015\/04\/separador.png","contentUrl":"https:\/\/fsimoes.pt\/wp-content\/uploads\/2015\/04\/separador.png","width":298,"height":298,"caption":"Atelier de Arquitetura em Lisboa | FSIMOES Arquitetos Associados"},"image":{"@id":"https:\/\/fsimoes.pt\/#\/schema\/logo\/image\/"},"sameAs":["https:\/\/www.facebook.com\/fsimoes.arq\/","https:\/\/x.com\/fsimoesarq","https:\/\/www.instagram.com\/fsimoes.arq\/","https:\/\/www.linkedin.com\/company\/fsim\u00f5es-arquitectos-associados","https:\/\/www.youtube.com\/channel\/UCRfYMmkzIWI-2-wlSep1NwA"]},{"@type":"Person","@id":"https:\/\/fsimoes.pt\/#\/schema\/person\/6f4af6fd56e40c244240ed086ace32d7","name":"Ricardo","image":{"@type":"ImageObject","inLanguage":"en-US","@id":"https:\/\/fsimoes.pt\/#\/schema\/person\/image\/","url":"https:\/\/secure.gravatar.com\/avatar\/215cba8c240d648e75761b1900c730e5070f84bae993cb918f3c5f75c05a154c?s=96&d=mm&r=g","contentUrl":"https:\/\/secure.gravatar.com\/avatar\/215cba8c240d648e75761b1900c730e5070f84bae993cb918f3c5f75c05a154c?s=96&d=mm&r=g","caption":"Ricardo"},"url":"https:\/\/fsimoes.pt\/en\/media\/author\/ricardo\/"}]}},"_links":{"self":[{"href":"https:\/\/fsimoes.pt\/en\/wp-json\/wp\/v2\/posts\/4999","targetHints":{"allow":["GET"]}}],"collection":[{"href":"https:\/\/fsimoes.pt\/en\/wp-json\/wp\/v2\/posts"}],"about":[{"href":"https:\/\/fsimoes.pt\/en\/wp-json\/wp\/v2\/types\/post"}],"author":[{"embeddable":true,"href":"https:\/\/fsimoes.pt\/en\/wp-json\/wp\/v2\/users\/8"}],"replies":[{"embeddable":true,"href":"https:\/\/fsimoes.pt\/en\/wp-json\/wp\/v2\/comments?post=4999"}],"version-history":[{"count":1,"href":"https:\/\/fsimoes.pt\/en\/wp-json\/wp\/v2\/posts\/4999\/revisions"}],"predecessor-version":[{"id":5000,"href":"https:\/\/fsimoes.pt\/en\/wp-json\/wp\/v2\/posts\/4999\/revisions\/5000"}],"wp:featuredmedia":[{"embeddable":true,"href":"https:\/\/fsimoes.pt\/en\/wp-json\/wp\/v2\/media\/4840"}],"wp:attachment":[{"href":"https:\/\/fsimoes.pt\/en\/wp-json\/wp\/v2\/media?parent=4999"}],"wp:term":[{"taxonomy":"category","embeddable":true,"href":"https:\/\/fsimoes.pt\/en\/wp-json\/wp\/v2\/categories?post=4999"},{"taxonomy":"post_tag","embeddable":true,"href":"https:\/\/fsimoes.pt\/en\/wp-json\/wp\/v2\/tags?post=4999"}],"curies":[{"name":"wp","href":"https:\/\/api.w.org\/{rel}","templated":true}]}}